{"id":4808,"date":"2024-04-05T21:07:42","date_gmt":"2024-04-05T21:07:42","guid":{"rendered":"https:\/\/ailab.ijs.si\/?p=4808"},"modified":"2024-04-05T21:33:48","modified_gmt":"2024-04-05T21:33:48","slug":"interview-on-chatgpt-at-prvi-rtv-slo-studio-ob-17-00-in-slovene","status":"publish","type":"post","link":"https:\/\/ailab.ijs.si\/si\/blog\/interview-on-chatgpt-at-prvi-rtv-slo-studio-ob-17-00-in-slovene\/","title":{"rendered":"Bo umetna inteligenca prekosila \u010dloveka? ChatGPT med prilo\u017enostjo in gro\u017enjo."},"content":{"rendered":"<p><img loading=\"lazy\" decoding=\"async\" class=\"size-thumbnail wp-image-4266 alignleft\" src=\"https:\/\/ailab.ijs.si\/wp-content\/uploads\/2020\/09\/MarkoGrobelnik25-180x180.png\" alt=\"\" width=\"89\" height=\"89\" srcset=\"https:\/\/ailab.ijs.si\/wp-content\/uploads\/2020\/09\/MarkoGrobelnik25-180x180.png 180w, https:\/\/ailab.ijs.si\/wp-content\/uploads\/2020\/09\/MarkoGrobelnik25-45x45.png 45w\" sizes=\"auto, (max-width: 89px) 100vw, 89px\" \/><br \/>\n<!--more--><br \/>\nUmetna inteligenca vse bolj postaja del na\u0161ega vsakdanjika. Bliskovit razmah je v zadnjih tednih in mesecih do\u017eivel program ChatGPT. Zna oblikovati \u010dudovita besedila, zna tudi programirati, ne zna pa misliti in nima \u010dustev. Star je komaj pol leta, a je \u017ee postal spletna zvezda. Odzivi ljudi so burni in protislovni. Nekateri so navdu\u0161eni: \u0161tudenti ga z veseljem uporabljajo pri pisanju seminarskih in drugih nalog, tajnice pri oblikovanju poslovnih pisem \u2026 Drugi so zaskrbljeni: kako bodo v \u0161olah prepre\u010dili zlorabe, kako bo umetna inteligenca spremenila ustvarjalne poklice? O (ne)utemeljenih strahovih in (prevelikih) pri\u010dakovanjih v zvezi s sodobnimi tehnologijami voditelj Rene Marki\u010d z gosti.<br \/>\n<!--more--><br \/>\nGostje:<br \/>\nMarko Grobelnik, raziskovalec v laboratoriju za umetno inteligenco na Institutu \"Jo\u017eef Stefan\";<br \/>\nAida Kami\u0161ali\u0107 Latifi\u0107, dr\u017eavna sekretarka na Ministrstvu za digitalno preobrazbo;<br \/>\nMaja Klun, prorektorica za podro\u010dje prenosa znanja na Univerzi v Ljubljani;<br \/>\nSimon Krek s Centra za jezikovne vire in tehnologijo.<\/p>","protected":false},"excerpt":{"rendered":"<p>Ni na voljo!<\/p>\n","protected":false},"author":42,"featured_media":0,"comment_status":"closed","ping_status":"closed","sticky":false,"template":"","format":"standard","meta":{"footnotes":"","_links_to":"","_links_to_target":""},"categories":[4],"tags":[],"class_list":["post-4808","post","type-post","status-publish","format-standard","hentry","category-news"],"_links":{"self":[{"href":"https:\/\/ailab.ijs.si\/si\/wp-json\/wp\/v2\/posts\/4808","targetHints":{"allow":["GET"]}}],"collection":[{"href":"https:\/\/ailab.ijs.si\/si\/wp-json\/wp\/v2\/posts"}],"about":[{"href":"https:\/\/ailab.ijs.si\/si\/wp-json\/wp\/v2\/types\/post"}],"author":[{"embeddable":true,"href":"https:\/\/ailab.ijs.si\/si\/wp-json\/wp\/v2\/users\/42"}],"replies":[{"embeddable":true,"href":"https:\/\/ailab.ijs.si\/si\/wp-json\/wp\/v2\/comments?post=4808"}],"version-history":[{"count":6,"href":"https:\/\/ailab.ijs.si\/si\/wp-json\/wp\/v2\/posts\/4808\/revisions"}],"predecessor-version":[{"id":4826,"href":"https:\/\/ailab.ijs.si\/si\/wp-json\/wp\/v2\/posts\/4808\/revisions\/4826"}],"wp:attachment":[{"href":"https:\/\/ailab.ijs.si\/si\/wp-json\/wp\/v2\/media?parent=4808"}],"wp:term":[{"taxonomy":"category","embeddable":true,"href":"https:\/\/ailab.ijs.si\/si\/wp-json\/wp\/v2\/categories?post=4808"},{"taxonomy":"post_tag","embeddable":true,"href":"https:\/\/ailab.ijs.si\/si\/wp-json\/wp\/v2\/tags?post=4808"}],"curies":[{"name":"wp","href":"https:\/\/api.w.org\/{rel}","templated":true}]}}