{"id":4536,"date":"2021-07-05T20:28:05","date_gmt":"2021-07-05T20:28:05","guid":{"rendered":"https:\/\/ailab.ijs.si\/?p=4536"},"modified":"2022-03-29T22:52:21","modified_gmt":"2022-03-29T22:52:21","slug":"marko-grobelnik-on-studio-at-17h-setting-the-limits-on-artificial-intelligence-in-slovene","status":"publish","type":"post","link":"https:\/\/ailab.ijs.si\/si\/blog\/marko-grobelnik-on-studio-at-17h-setting-the-limits-on-artificial-intelligence-in-slovene\/","title":{"rendered":"Marko Grobelnik na oddaji Studio ob 17h: Postavljamo meje umetni inteligenci"},"content":{"rendered":"<p><img loading=\"lazy\" decoding=\"async\" class=\"size-thumbnail wp-image-4266 alignleft\" src=\"https:\/\/ailab.ijs.si\/wp-content\/uploads\/2020\/09\/MarkoGrobelnik25-180x180.png\" alt=\"\" width=\"89\" height=\"89\" srcset=\"https:\/\/ailab.ijs.si\/wp-content\/uploads\/2020\/09\/MarkoGrobelnik25-180x180.png 180w, https:\/\/ailab.ijs.si\/wp-content\/uploads\/2020\/09\/MarkoGrobelnik25-45x45.png 45w\" sizes=\"auto, (max-width: 89px) 100vw, 89px\" \/> Danes, 5.7.2021 ob 17:00 uri<\/p>\n<p><strong>Studio ob 17h: Postavljamo meje umetni inteligenci<\/strong><br \/>\n<em>Bomo znali oblikovati ustrezna pravila igre za umetno inteligenco po meri \u010dloveka?<\/em><\/p>\n<p>Poslu\u0161aj tukaj: <a href=\"https:\/\/radioprvi.rtvslo.si\/2021\/06\/studio-ob-17-00-560\/\">https:\/\/radioprvi.rtvslo.si\/2021\/06\/studio-ob-17-00-560\/\u00a0<\/a><\/p>\n<p><!--more--><br \/>\nOddaja bo govorila o uporabi umetne inteligence in kako je le-ta v slabih dveh desetletjih v temeljih spremenila na\u010dine, kako komuniciramo, se informiramo, kako raziskujemo, na\u010drtujemo, kako se odlo\u010damo.<\/p>\n<p>Moderatorka: Nina Sla\u010dek<br \/>\nGostje:<br \/>\n- Gregor Strojin, predsednik Ad hoc odbora Sveta Evrope za umetno inteligenco (CAHAI),<br \/>\n- dr. Maja Bogataj Jan\u010di\u010d, direktorica In\u0161tituta za intelektualno lastnino in vodja skupine za upravljanje s podatki pri Globalnem partnerstvu za umetno inteligenco (GPAI),<br \/>\n- Marko Grobelnik z Instituta Jo\u017eef Stefan, \u010dlan in soustanovitelj Mednarodnega raziskovalnega centra za umetno inteligenco pod okriljem Unesca (IRCAI),<br \/>\n- Samo Zorc, Ministrstvo za javno upravo, koordinator nedavno sprejetega Nacionalnega programa spodbujanja razvoja in uporabe umetne inteligence v RS do leta 2025.<\/p>","protected":false},"excerpt":{"rendered":"<p>Ni na voljo!<\/p>\n","protected":false},"author":42,"featured_media":4266,"comment_status":"closed","ping_status":"closed","sticky":false,"template":"","format":"standard","meta":{"footnotes":"","_links_to":"","_links_to_target":""},"categories":[4],"tags":[],"class_list":["post-4536","post","type-post","status-publish","format-standard","has-post-thumbnail","hentry","category-news"],"_links":{"self":[{"href":"https:\/\/ailab.ijs.si\/si\/wp-json\/wp\/v2\/posts\/4536","targetHints":{"allow":["GET"]}}],"collection":[{"href":"https:\/\/ailab.ijs.si\/si\/wp-json\/wp\/v2\/posts"}],"about":[{"href":"https:\/\/ailab.ijs.si\/si\/wp-json\/wp\/v2\/types\/post"}],"author":[{"embeddable":true,"href":"https:\/\/ailab.ijs.si\/si\/wp-json\/wp\/v2\/users\/42"}],"replies":[{"embeddable":true,"href":"https:\/\/ailab.ijs.si\/si\/wp-json\/wp\/v2\/comments?post=4536"}],"version-history":[{"count":1,"href":"https:\/\/ailab.ijs.si\/si\/wp-json\/wp\/v2\/posts\/4536\/revisions"}],"predecessor-version":[{"id":4537,"href":"https:\/\/ailab.ijs.si\/si\/wp-json\/wp\/v2\/posts\/4536\/revisions\/4537"}],"wp:featuredmedia":[{"embeddable":true,"href":"https:\/\/ailab.ijs.si\/si\/wp-json\/wp\/v2\/media\/4266"}],"wp:attachment":[{"href":"https:\/\/ailab.ijs.si\/si\/wp-json\/wp\/v2\/media?parent=4536"}],"wp:term":[{"taxonomy":"category","embeddable":true,"href":"https:\/\/ailab.ijs.si\/si\/wp-json\/wp\/v2\/categories?post=4536"},{"taxonomy":"post_tag","embeddable":true,"href":"https:\/\/ailab.ijs.si\/si\/wp-json\/wp\/v2\/tags?post=4536"}],"curies":[{"name":"wp","href":"https:\/\/api.w.org\/{rel}","templated":true}]}}