{"id":4369,"date":"2021-01-25T21:51:29","date_gmt":"2021-01-25T21:51:29","guid":{"rendered":"https:\/\/ailab.ijs.si\/?p=4369"},"modified":"2021-01-25T22:06:18","modified_gmt":"2021-01-25T22:06:18","slug":"marko-grobelnik-was-invited-to-the-open-knowledge-day","status":"publish","type":"post","link":"https:\/\/ailab.ijs.si\/si\/blog\/marko-grobelnik-was-invited-to-the-open-knowledge-day\/","title":{"rendered":"Udele\u017eba na Dnevu odprtega znanja"},"content":{"rendered":"<p><img loading=\"lazy\" decoding=\"async\" class=\"size-thumbnail wp-image-4266 alignleft\" src=\"https:\/\/ailab.ijs.si\/wp-content\/uploads\/2020\/09\/MarkoGrobelnik25-180x180.png\" alt=\"\" width=\"89\" height=\"89\" srcset=\"https:\/\/ailab.ijs.si\/wp-content\/uploads\/2020\/09\/MarkoGrobelnik25-180x180.png 180w, https:\/\/ailab.ijs.si\/wp-content\/uploads\/2020\/09\/MarkoGrobelnik25-45x45.png 45w\" sizes=\"auto, (max-width: 89px) 100vw, 89px\" \/> <a href=\"https:\/\/www.ipi.si\/porocilo-o-dnevu-odprtega-znanja-2021\/\">Leto\u0161nji Dan odprtega znanja<\/a> je potekal v dveh delih, pri \u010demer so se v prvem delu pogovarjali o izjemah in omejitvah avtorske pravice iz nove direktive, ki se nana\u0161ajo na izobra\u017eevanje, knji\u017enice in podatkovno analitiko, drugi del pa je bil posve\u010den 17. \u010dlenu DSM Direktive in njegovi implementaciji.<\/p>\n<p>&nbsp;<\/p>\n<p><!--more--><\/p>\n<p>Prvi del dogodka, je moderirala\u00a0<a href=\"https:\/\/www.ipi.si\/o-ipi\/dr-maja-bogataj-jancic\/\">dr. Maja Bogataj Jan\u010di\u010d<\/a>, svoja mi\u0161ljenja so predstavili\u00a0<a href=\"http:\/\/www.fm-kp.si\/predstavitev\/sodelavci\/vizitka\/krapez_katarina\/239\">doc. dr. Katarina Krape\u017e, Univerza na primorskem<\/a>,\u00a0<a href=\"http:\/\/www1.ctk.uni-lj.si\/users\/pusnik\/\">mag. Miro Pu\u0161nik, CTK<\/a>\u00a0in\u00a0<a href=\"https:\/\/ailab.ijs.si\/marko_grobelnik\/\">Marko Grobelnik, Institut Jo\u017eef Stefan<\/a>.<\/p>\n<p><!--more-->Ve\u010d o Dnevu odprtega znanja najdete na:<\/p>\n<p>- RTV Slovenija <a href=\"https:\/\/www.rtvslo.si\/kultura\/drugo\/razprava-o-dilemah-direktive-eu-ja-o-avtorskih-pravicah-kako-jo-bo-implementirala-slovenija\/549655\">Razprava o dilemah direktive EU-ja o avtorskih pravicah: Kako jo bo implementirala Slovenija?<\/a><\/p>\n<p>- FB posnetek <a href=\"https:\/\/www.facebook.com\/watch\/live\/?v=1882587905221755&amp;ref=watch_permalink\">tukaj<\/a><\/p>","protected":false},"excerpt":{"rendered":"<p>Ni na voljo!<\/p>\n","protected":false},"author":42,"featured_media":0,"comment_status":"closed","ping_status":"closed","sticky":false,"template":"","format":"standard","meta":{"footnotes":"","_links_to":"","_links_to_target":""},"categories":[4],"tags":[],"class_list":["post-4369","post","type-post","status-publish","format-standard","hentry","category-news"],"_links":{"self":[{"href":"https:\/\/ailab.ijs.si\/si\/wp-json\/wp\/v2\/posts\/4369","targetHints":{"allow":["GET"]}}],"collection":[{"href":"https:\/\/ailab.ijs.si\/si\/wp-json\/wp\/v2\/posts"}],"about":[{"href":"https:\/\/ailab.ijs.si\/si\/wp-json\/wp\/v2\/types\/post"}],"author":[{"embeddable":true,"href":"https:\/\/ailab.ijs.si\/si\/wp-json\/wp\/v2\/users\/42"}],"replies":[{"embeddable":true,"href":"https:\/\/ailab.ijs.si\/si\/wp-json\/wp\/v2\/comments?post=4369"}],"version-history":[{"count":9,"href":"https:\/\/ailab.ijs.si\/si\/wp-json\/wp\/v2\/posts\/4369\/revisions"}],"predecessor-version":[{"id":4376,"href":"https:\/\/ailab.ijs.si\/si\/wp-json\/wp\/v2\/posts\/4369\/revisions\/4376"}],"wp:attachment":[{"href":"https:\/\/ailab.ijs.si\/si\/wp-json\/wp\/v2\/media?parent=4369"}],"wp:term":[{"taxonomy":"category","embeddable":true,"href":"https:\/\/ailab.ijs.si\/si\/wp-json\/wp\/v2\/categories?post=4369"},{"taxonomy":"post_tag","embeddable":true,"href":"https:\/\/ailab.ijs.si\/si\/wp-json\/wp\/v2\/tags?post=4369"}],"curies":[{"name":"wp","href":"https:\/\/api.w.org\/{rel}","templated":true}]}}