{"id":4348,"date":"2021-01-12T21:47:31","date_gmt":"2021-01-12T21:47:31","guid":{"rendered":"https:\/\/ailab.ijs.si\/?p=4348"},"modified":"2021-01-12T21:47:31","modified_gmt":"2021-01-12T21:47:31","slug":"more-news-on-odeuropa-project-2","status":"publish","type":"post","link":"https:\/\/ailab.ijs.si\/si\/blog\/more-news-on-odeuropa-project-2\/","title":{"rendered":"Radio SI: Euranet Plus: Odeuropa bo 'ustekleni\u010dil' vonjave evropske kulturne dedi\u0161\u010dine"},"content":{"rendered":"<p><img loading=\"lazy\" decoding=\"async\" class=\"size-thumbnail wp-image-4266 alignleft\" src=\"https:\/\/ailab.ijs.si\/wp-content\/uploads\/2020\/09\/MarkoGrobelnik25-180x180.png\" alt=\"\" width=\"89\" height=\"89\" srcset=\"https:\/\/ailab.ijs.si\/wp-content\/uploads\/2020\/09\/MarkoGrobelnik25-180x180.png 180w, https:\/\/ailab.ijs.si\/wp-content\/uploads\/2020\/09\/MarkoGrobelnik25-45x45.png 45w\" sizes=\"auto, (max-width: 89px) 100vw, 89px\" \/>Intervju Marka Grobelnika z RTV Slo, Radio Si program Euranet Plus<\/p>\n<p><em>\"Odeuropa bo 'ustekleni\u010dil' vonjave evropske kulturne dedi\u0161\u010dine\"<\/em><\/p>\n<p>&nbsp;<\/p>\n<p><!--more--><\/p>\n<p>V evropskem programu Obzorja 2020 so podprli neobi\u010dajen projekt, ki bo posku\u0161al ujeti razli\u010dne vonje evropske kulturne dedi\u0161\u010dine. ODEUROPA, v katerem sodeluje tudi Slovenija, bo tako s pomo\u010djo umetne inteligence in kemije posku\u0161al prepoznati vonje ter njihov pomen za oblikovanje evropske skupnosti in tradicije. Zahvaljujo\u010d projektu se bodo raziskovalci lahko vrnili nekaj stoletij nazaj na podlagi \u010desar bomo izvedeli kako je npr. di\u0161alo delo kak\u0161nega znamenitega slikarja ali pisatelja.<\/p>\n<p>\u010clanek dostopen tukaj:<\/p>\n<p><a href=\"https:\/\/www.rtvslo.si\/radiosi\/euranet-plus\/odeuropa-bo-usteklenicil-vonjave-evropske-kulturne-dediscine\/548402\">https:\/\/www.rtvslo.si\/radiosi\/euranet-plus\/odeuropa-bo-usteklenicil-vonjave-evropske-kulturne-dediscine\/548402<\/a><\/p>\n<p>Avdio posnetek dostopen tukaj (za\u010detek ob 11:30)<\/p>\n<p><a href=\"https:\/\/4d.rtvslo.si\/arhiv\/euranet-plus\/174745025\">https:\/\/4d.rtvslo.si\/arhiv\/euranet-plus\/174745025<\/a><\/p>","protected":false},"excerpt":{"rendered":"<p>Ni na voljo!<\/p>\n","protected":false},"author":42,"featured_media":0,"comment_status":"closed","ping_status":"closed","sticky":false,"template":"","format":"standard","meta":{"footnotes":"","_links_to":"","_links_to_target":""},"categories":[4],"tags":[],"class_list":["post-4348","post","type-post","status-publish","format-standard","hentry","category-news"],"_links":{"self":[{"href":"https:\/\/ailab.ijs.si\/si\/wp-json\/wp\/v2\/posts\/4348","targetHints":{"allow":["GET"]}}],"collection":[{"href":"https:\/\/ailab.ijs.si\/si\/wp-json\/wp\/v2\/posts"}],"about":[{"href":"https:\/\/ailab.ijs.si\/si\/wp-json\/wp\/v2\/types\/post"}],"author":[{"embeddable":true,"href":"https:\/\/ailab.ijs.si\/si\/wp-json\/wp\/v2\/users\/42"}],"replies":[{"embeddable":true,"href":"https:\/\/ailab.ijs.si\/si\/wp-json\/wp\/v2\/comments?post=4348"}],"version-history":[{"count":7,"href":"https:\/\/ailab.ijs.si\/si\/wp-json\/wp\/v2\/posts\/4348\/revisions"}],"predecessor-version":[{"id":4362,"href":"https:\/\/ailab.ijs.si\/si\/wp-json\/wp\/v2\/posts\/4348\/revisions\/4362"}],"wp:attachment":[{"href":"https:\/\/ailab.ijs.si\/si\/wp-json\/wp\/v2\/media?parent=4348"}],"wp:term":[{"taxonomy":"category","embeddable":true,"href":"https:\/\/ailab.ijs.si\/si\/wp-json\/wp\/v2\/categories?post=4348"},{"taxonomy":"post_tag","embeddable":true,"href":"https:\/\/ailab.ijs.si\/si\/wp-json\/wp\/v2\/tags?post=4348"}],"curies":[{"name":"wp","href":"https:\/\/api.w.org\/{rel}","templated":true}]}}