{"id":4345,"date":"2021-01-12T21:28:13","date_gmt":"2021-01-12T21:28:13","guid":{"rendered":"https:\/\/ailab.ijs.si\/?p=4345"},"modified":"2021-01-12T21:34:59","modified_gmt":"2021-01-12T21:34:59","slug":"more-news-on-odeuropa-project","status":"publish","type":"post","link":"https:\/\/ailab.ijs.si\/si\/blog\/more-news-on-odeuropa-project\/","title":{"rendered":"STA Znanost: Z novim projektom bodo raziskovali dedi\u0161\u010dino vonjev Evrope"},"content":{"rendered":"<p><img loading=\"lazy\" decoding=\"async\" class=\"size-thumbnail wp-image-4355 alignleft\" src=\"https:\/\/ailab.ijs.si\/wp-content\/uploads\/2021\/01\/Dunja-Mladenic_Foto_SasaKrusnik-180x180.jpg\" alt=\"\" width=\"89\" height=\"89\" srcset=\"https:\/\/ailab.ijs.si\/wp-content\/uploads\/2021\/01\/Dunja-Mladenic_Foto_SasaKrusnik-180x180.jpg 180w, https:\/\/ailab.ijs.si\/wp-content\/uploads\/2021\/01\/Dunja-Mladenic_Foto_SasaKrusnik-45x45.jpg 45w\" sizes=\"auto, (max-width: 89px) 100vw, 89px\" \/>Intervju Dunje Mladeni\u0107 s \u010dasopisom STA, sekcija Znanost<\/p>\n<p><em>\u201cZ novim projektom bodo raziskovali dedi\u0161\u010dino vonjev Evrope\u201d<\/em><\/p>\n<p>&nbsp;<\/p>\n<p><!--more--><\/p>\n<p>Nov evropski raziskovalni projekt, v katerem sodeluje tudi Slovenija, bo ujel vonje Evrope kot del na\u0161e kulturne dedi\u0161\u010dine. Gre za projekt Odeuropa, v katerem bodo s pomo\u010djo novih pristopov umetne inteligence posku\u0161ali identificirati in opisati vonje ter njihov pomen za oblikovanje evropske skupnosti in tradicije.-<\/p>\n<p>\u010clanek dostopen tukaj:<\/p>\n<p><a href=\"http:\/\/znanost.sta.si\/2842036\/z-novim-projektom-bodo-raziskovali-dediscino-vonjev-evrope\">http:\/\/znanost.sta.si\/2842036\/z-novim-projektom-bodo-raziskovali-dediscino-vonjev-evrope<\/a><\/p>","protected":false},"excerpt":{"rendered":"<p>Ni na voljo!<\/p>\n","protected":false},"author":42,"featured_media":0,"comment_status":"closed","ping_status":"closed","sticky":false,"template":"","format":"standard","meta":{"footnotes":"","_links_to":"","_links_to_target":""},"categories":[4],"tags":[],"class_list":["post-4345","post","type-post","status-publish","format-standard","hentry","category-news"],"_links":{"self":[{"href":"https:\/\/ailab.ijs.si\/si\/wp-json\/wp\/v2\/posts\/4345","targetHints":{"allow":["GET"]}}],"collection":[{"href":"https:\/\/ailab.ijs.si\/si\/wp-json\/wp\/v2\/posts"}],"about":[{"href":"https:\/\/ailab.ijs.si\/si\/wp-json\/wp\/v2\/types\/post"}],"author":[{"embeddable":true,"href":"https:\/\/ailab.ijs.si\/si\/wp-json\/wp\/v2\/users\/42"}],"replies":[{"embeddable":true,"href":"https:\/\/ailab.ijs.si\/si\/wp-json\/wp\/v2\/comments?post=4345"}],"version-history":[{"count":6,"href":"https:\/\/ailab.ijs.si\/si\/wp-json\/wp\/v2\/posts\/4345\/revisions"}],"predecessor-version":[{"id":4358,"href":"https:\/\/ailab.ijs.si\/si\/wp-json\/wp\/v2\/posts\/4345\/revisions\/4358"}],"wp:attachment":[{"href":"https:\/\/ailab.ijs.si\/si\/wp-json\/wp\/v2\/media?parent=4345"}],"wp:term":[{"taxonomy":"category","embeddable":true,"href":"https:\/\/ailab.ijs.si\/si\/wp-json\/wp\/v2\/categories?post=4345"},{"taxonomy":"post_tag","embeddable":true,"href":"https:\/\/ailab.ijs.si\/si\/wp-json\/wp\/v2\/tags?post=4345"}],"curies":[{"name":"wp","href":"https:\/\/api.w.org\/{rel}","templated":true}]}}